{"id":291,"date":"2022-12-08T13:13:51","date_gmt":"2022-12-08T12:13:51","guid":{"rendered":"https:\/\/artistsagainstantisemitism.de\/?p=291"},"modified":"2023-02-27T08:21:17","modified_gmt":"2023-02-27T07:21:17","slug":"reichsbuerger-razzia-geiselnahme","status":"publish","type":"post","link":"https:\/\/artistsagainstantisemitism.org\/en\/reichsbuerger-razzia-geiselnahme\/","title":{"rendered":"Reichsb\u00fcrger Razzia &#038; Geiselnahme"},"content":{"rendered":"<p>Die &#8222;Reichsb\u00fcrger Razzia&#8220; am 7. Dezember gilt als einer der gr\u00f6\u00dften Razzien in der Geschichte der Bundesrepublik. Das Reichsb\u00fcgermilieu ist stark von antisemitischen Vorstellungen gepr\u00e4gt. Wie sich heraustellte, wurde konkret ein Staatsstreich geplant Auch wenn die Gruppe dazu vermutlich nicht in der Lage gewesen w\u00e4re, darf die Gefahr, die von diesem Milieu ausgeht, nicht untersch\u00e4tzt werden. <\/p>\n\n\n\n<p>Auch aus Burg gab es erschreckende Nachrichten: Der Attent\u00e4ter, der 2019 einen Anschlag auf die Synagoge in Halle ver\u00fcbt hat und in Burg seine lebenslange Haftstrafe absitzt, hat bei einem Fluchtversuch in der dortigen JVA Geiseln genommen, konnte jedoch \u00fcberw\u00e4ltigt werden. Wie der <a href=\"https:\/\/www.mdr.de\/nachrichten\/sachsen-anhalt\/magdeburg\/jerichow\/halle-attentaeter-bayern-verlegt-100.html\" target=\"_blank\" rel=\"noreferrer noopener\">MDR<\/a> berichtet, wurde der Attent\u00e4ter nach der Geiselnahme nach Bayern verlegt.<\/p>","protected":false},"excerpt":{"rendered":"<p>Die Reichsb\u00fcrher Razzia vom 7. Dezember 2022 gilt als eine der gr\u00f6\u00dften bundesweiten Aktionen. Auch wurde ein Gef\u00e4ngnisausbruch vereitelt.<\/p>","protected":false},"author":4,"featured_media":573,"comment_status":"closed","ping_status":"closed","sticky":false,"template":"","format":"standard","meta":{"footnotes":""},"categories":[14],"tags":[18],"class_list":["post-291","post","type-post","status-publish","format-standard","has-post-thumbnail","hentry","category-news","tag-vorfall"],"_links":{"self":[{"href":"https:\/\/artistsagainstantisemitism.org\/en\/wp-json\/wp\/v2\/posts\/291","targetHints":{"allow":["GET"]}}],"collection":[{"href":"https:\/\/artistsagainstantisemitism.org\/en\/wp-json\/wp\/v2\/posts"}],"about":[{"href":"https:\/\/artistsagainstantisemitism.org\/en\/wp-json\/wp\/v2\/types\/post"}],"author":[{"embeddable":true,"href":"https:\/\/artistsagainstantisemitism.org\/en\/wp-json\/wp\/v2\/users\/4"}],"replies":[{"embeddable":true,"href":"https:\/\/artistsagainstantisemitism.org\/en\/wp-json\/wp\/v2\/comments?post=291"}],"version-history":[{"count":0,"href":"https:\/\/artistsagainstantisemitism.org\/en\/wp-json\/wp\/v2\/posts\/291\/revisions"}],"wp:featuredmedia":[{"embeddable":true,"href":"https:\/\/artistsagainstantisemitism.org\/en\/wp-json\/wp\/v2\/media\/573"}],"wp:attachment":[{"href":"https:\/\/artistsagainstantisemitism.org\/en\/wp-json\/wp\/v2\/media?parent=291"}],"wp:term":[{"taxonomy":"category","embeddable":true,"href":"https:\/\/artistsagainstantisemitism.org\/en\/wp-json\/wp\/v2\/categories?post=291"},{"taxonomy":"post_tag","embeddable":true,"href":"https:\/\/artistsagainstantisemitism.org\/en\/wp-json\/wp\/v2\/tags?post=291"}],"curies":[{"name":"wp","href":"https:\/\/api.w.org\/{rel}","templated":true}]}}